{"id":35617,"date":"2020-01-27T21:16:17","date_gmt":"2020-01-28T02:16:17","guid":{"rendered":"https:\/\/www.dt.com\/?post_type=post&#038;p=35617"},"modified":"2026-01-13T14:25:45","modified_gmt":"2026-01-13T19:25:45","slug":"uber-sassocie-a-hyundai-pour-concevoir-des-taxis-aeriens","status":"publish","type":"post","link":"https:\/\/www.dt.com\/fr\/blogue\/uber-sassocie-a-hyundai-pour-concevoir-des-taxis-aeriens\/","title":{"rendered":"Uber s\u2019associe \u00e0 Hyundai pour concevoir des taxis a\u00e9riens"},"content":{"rendered":"<p>Les entreprises ont d\u00e9voil\u00e9 un nouveau mod\u00e8le grandeur nature de l\u2019appareil au dernier salon Consumer Electronics Show (CES) de Las Vegas. Le v\u00e9hicule a en partie \u00e9t\u00e9 con\u00e7u par l\u2019interm\u00e9diaire du processus de cr\u00e9ation libre d\u2019Uber. Dans le cadre de cette approche inspir\u00e9e par la NASA, la soci\u00e9t\u00e9 a publi\u00e9 ses concepts existants afin que toutes les entreprises puissent participer \u00e0 l\u2019am\u00e9lioration des taxis a\u00e9riens et \u00e0 la mise au point de technologies.<\/p>\n<p>Hyundai est la premi\u00e8re entreprise automobile \u00e0 participer \u00e0 l\u2019initiative Uber Elevate. Le constructeur sud-cor\u00e9en s\u2019occupera de produire et de d\u00e9ployer les v\u00e9hicules, tandis qu\u2019Uber fournira les services de soutien dans l\u2019espace a\u00e9rien, les correspondances au transport terrestre et les interfaces client par l\u2019interm\u00e9diaire d\u2019un r\u00e9seau de covoiturage a\u00e9rien. Les deux entreprises travaillent \u00e9galement \u00e0 la conception d\u2019infrastructures pour accueillir le d\u00e9collage et l\u2019atterrissage des v\u00e9hicules.<\/p>\n<p>Uber a annonc\u00e9 l\u2019an dernier qu\u2019elle mettrait \u00e0 l\u2019essai son concept de taxis a\u00e9riens \u00e0 Dallas, \u00e0 Los Angeles ainsi qu\u2019\u00e0 Melbourne (Australie) d\u00e8s 2020. L\u2019entreprise planifie ouvrir dans les villes cibles un r\u00e9seau de \u00ab\u00a0ports a\u00e9riens\u00a0\u00bb qui serviront de points d\u2019acc\u00e8s pour les clients souhaitant utiliser le service.<\/p>\n<p>L\u2019entreprise planifie lancer ses services de taxis a\u00e9riens commerciaux en 2023.<\/p>\n<p>Jaiwon Shin, vice-pr\u00e9sident directeur et chef de la division mobilit\u00e9 urbaine de Hyundai, a comment\u00e9\u00a0: \u00ab\u00a0Notre vision de la mobilit\u00e9 a\u00e9rienne urbaine va r\u00e9volutionner le concept de transport urbain. Nous pensons qu\u2019elle va dynamiser les communaut\u00e9s urbaines et permettre aux gens d\u2019avoir une meilleure qualit\u00e9 de vie. Nous sommes s\u00fbrs qu\u2019Uber Elevate est le bon partenaire pour rendre ce produit novateur accessible au plus grand nombre de clients possible.\u00a0\u00bb<\/p>\n<p>Eric Allison, chef d\u2019Uber Elevate, a ajout\u00e9\u00a0: \u00ab\u00a0Hyundai est notre premier partenaire automobile ayant de l\u2019exp\u00e9rience dans la fabrication de voitures \u00e0 l\u2019\u00e9chelle mondiale. Nous croyons que Hyundai a le potentiel de fabriquer les v\u00e9hicules a\u00e9riens d\u2019Uber \u00e0 un rythme jamais vu dans l\u2019industrie a\u00e9rospatiale, de produire des appareils fiables de grande qualit\u00e9 en quantit\u00e9 assez importante pour r\u00e9duire les co\u00fbts que paieront les passagers pour chaque voyage. L\u2019alliance entre le pouvoir de fabrication de Hyundai et la plateforme technologique d\u2019Uber repr\u00e9sente un \u00e9norme pas en avant dans la cr\u00e9ation d\u2019un r\u00e9seau dynamique de taxis a\u00e9riens pour les ann\u00e9es \u00e0 venir.\u00a0\u00bb<\/p>\n<p><em>Cet article est une traduction de l\u2019anglais d\u2019un texte de Molly Dyson paru sur le site buyingbusinesstravel.com le 8 janvier 2020. Pour consulter la publication originale, veuillez <a href=\"https:\/\/buyingbusinesstravel.com\/news\/uber-partners-with-hyundai-on-flying-taxis\/\">cliquer ici<\/a>.<\/em><\/p>\n","protected":false},"excerpt":{"rendered":"<p>Uber a sign\u00e9 un accord de partenariat avec Hyundai Motor afin de concevoir des taxis volants pour un futur r\u00e9seau de covoiturage a\u00e9rien.<\/p>\n","protected":false},"author":1,"featured_media":35610,"comment_status":"closed","ping_status":"closed","sticky":false,"template":"","format":"standard","meta":{"footnotes":""},"categories":[96],"tags":[105],"class_list":["post-35617","post","type-post","status-publish","format-standard","has-post-thumbnail","hentry","category-voyages-affaires","tag-tendances-sur-les-voyages-daffaires"],"_links":{"self":[{"href":"https:\/\/www.dt.com\/fr\/wp-json\/wp\/v2\/posts\/35617","targetHints":{"allow":["GET"]}}],"collection":[{"href":"https:\/\/www.dt.com\/fr\/wp-json\/wp\/v2\/posts"}],"about":[{"href":"https:\/\/www.dt.com\/fr\/wp-json\/wp\/v2\/types\/post"}],"author":[{"embeddable":true,"href":"https:\/\/www.dt.com\/fr\/wp-json\/wp\/v2\/users\/1"}],"replies":[{"embeddable":true,"href":"https:\/\/www.dt.com\/fr\/wp-json\/wp\/v2\/comments?post=35617"}],"version-history":[{"count":1,"href":"https:\/\/www.dt.com\/fr\/wp-json\/wp\/v2\/posts\/35617\/revisions"}],"predecessor-version":[{"id":35618,"href":"https:\/\/www.dt.com\/fr\/wp-json\/wp\/v2\/posts\/35617\/revisions\/35618"}],"wp:featuredmedia":[{"embeddable":true,"href":"https:\/\/www.dt.com\/fr\/wp-json\/wp\/v2\/media\/35610"}],"wp:attachment":[{"href":"https:\/\/www.dt.com\/fr\/wp-json\/wp\/v2\/media?parent=35617"}],"wp:term":[{"taxonomy":"category","embeddable":true,"href":"https:\/\/www.dt.com\/fr\/wp-json\/wp\/v2\/categories?post=35617"},{"taxonomy":"post_tag","embeddable":true,"href":"https:\/\/www.dt.com\/fr\/wp-json\/wp\/v2\/tags?post=35617"}],"curies":[{"name":"wp","href":"https:\/\/api.w.org\/{rel}","templated":true}]}}