{"id":24783,"date":"2021-07-07T18:00:00","date_gmt":"2021-07-07T22:00:00","guid":{"rendered":"https:\/\/www.dt.com\/?post_type=post&#038;p=24783"},"modified":"2025-12-10T14:39:28","modified_gmt":"2025-12-10T19:39:28","slug":"see-the-latest-tsa-numbers-as-travel-reaches-pre-pandemic-levels","status":"publish","type":"post","link":"https:\/\/www.dt.com\/fr\/blogue\/see-the-latest-tsa-numbers-as-travel-reaches-pre-pandemic-levels\/","title":{"rendered":"Voici les statistiques les plus r\u00e9centes de la TSA alors que les voyages atteignent des niveaux pr\u00e9-pand\u00e9miques"},"content":{"rendered":"<p>Apr\u00e8s des mois de sp\u00e9culation sur la question de savoir si, et quand les voyages retrouveraient leur niveau pr\u00e9-pand\u00e9mique, les derniers chiffres de la TSA montrent une forte augmentation du nombre de voyageurs pr\u00eats et d\u00e9sireux de reprendre leurs d\u00e9placements.<\/p>\n<p><!--more--><\/p>\n<p><a href=\"\/fr-ca\/blog\/what-to-know-as-borders-reopen-and-international-travel-resumes?_ga=2.194507182.2072651421.1626303307-494156392.1626303307\" target=\"_blank\" rel=\"noopener\">Gr\u00e2ce notamment \u00e0 la r\u00e9ouverture des fronti\u00e8res et \u00e0 l\u2019assouplissement des restrictions de voyage<\/a>, le regard sur les voyages s\u2019est consid\u00e9rablement am\u00e9lior\u00e9 &#8211; \u00e0 tel point que la perspective d\u2019atteindre les chiffres de\u00a02019 est d\u00e9sormais envisageable. Pour vous aider \u00e0 vous faire une id\u00e9e pr\u00e9cise du rebond en cours, nous avons recueilli ici les principales statistiques, que vous pouvez \u00e9galement partager avec votre \u00e9quipe.<\/p>\n<h2>Croissance en glissement annuel<\/h2>\n<p>Lorsque la COVID-19 est apparue en\u00a02020, le d\u00e9clin rapide et brutal qu\u2019elle a provoqu\u00e9 dans la sph\u00e8re du voyage a amen\u00e9 beaucoup de personnes \u00e0 se demander comment le secteur parviendrait \u00e0 r\u00e9duire ses pertes. Pourtant, bien que la derni\u00e8re ann\u00e9e ait \u00e9t\u00e9 difficile, les plus r\u00e9cents chiffres de la TSA font montre d\u2019un secteur qui reprend progressivement une bonne partie du terrain perdu.<\/p>\n<p>Si l\u2019on regarde le graphique des donn\u00e9es sur les voyageurs de la TSA ci-dessous, les chiffres en hausse de\u00a02021 rivalisent avec la chute pr\u00e9cipit\u00e9e de l\u2019ann\u00e9e pr\u00e9c\u00e9dente et sont m\u00eame en passe d\u2019exc\u00e9der les records de\u00a02019.<\/p>\n<p><img decoding=\"async\" src=\"https:\/\/www.dt.com\/wp-content\/uploads\/2025\/01\/FR-TSA.jpg\" alt=\"FR TSA\" width=\"2250\" \/><\/p>\n<h2>Des niveaux \u00e9quivalents \u00e0 ceux de 2019<\/h2>\n<p>Le plus remarquable parmi les points de donn\u00e9es de la TSA est la derni\u00e8re mont\u00e9e en puissance des voyageurs de l\u2019ann\u00e9e\u00a02021, concentr\u00e9e sur la fin de semaine de vacances du 4\u00a0juillet. Non seulement ce week-end a enregistr\u00e9 plus du double du nombre de voyageurs par rapport \u00e0 l\u2019ann\u00e9e pr\u00e9c\u00e9dente, <a href=\"https:\/\/www.forbes.com\/sites\/jemimamcevoy\/2021\/07\/06\/air-travel-recovers-to-pre-pandemic-levels-over-july-4-weekend-as-record-numbers-fly\/?sh=4c8886f624fd\" target=\"_blank\" rel=\"noopener\">mais il a de surcro\u00eet d\u00e9pass\u00e9 les chiffres du 1er et du 2\u00a0juillet\u00a02019<\/a>*. Au total, plus de 10\u00a0millions de personnes ont \u00e9t\u00e9 contr\u00f4l\u00e9es entre le 1er et le 5\u00a0juillet, soit une augmentation de 200\u00a0% par rapport \u00e0\u00a02020 et un nouveau record post-pand\u00e9mique.<\/p>\n<p>Il convient \u00e9galement de noter la trajectoire g\u00e9n\u00e9rale de la courbe, qui indique une tendance continue \u00e0 l\u2019augmentation des voyages. Si la courbe se maintient, les voyages d\u00e9passeront les niveaux pr\u00e9-pand\u00e9miques d\u2019ici septembre de cette ann\u00e9e. Entre-temps, ils devraient osciller entre des chiffres inf\u00e9rieurs et \u00e9gaux \u00e0 ceux de\u00a02019.<\/p>\n<h2>Quelles sont les prochaines \u00e9tapes?<\/h2>\n<p>De nouveaux \u00e9v\u00e9nements continuent d\u2019\u00eatre de bon augure, tant en ce qui concerne le renforcement de la confiance des voyageurs que la croissance des voyages, \u00e0 mesure que le secteur se redresse. <a href=\"https:\/\/voyage.gc.ca\/voyage-covid\/voyage-restrictions\/voyageurs-vaccines-covid-entrent-canada\" target=\"_blank\" rel=\"noopener\">Le Canada a r\u00e9cemment annonc\u00e9 un nouvel all\u00e8gement des restrictions \u00e0 la fronti\u00e8re en faveur des citoyens vaccin\u00e9s<\/a>, avec des plans d\u00e9taill\u00e9s pour une r\u00e9ouverture compl\u00e8te dans les semaines \u00e0 venir. De m\u00eame, <a href=\"https:\/\/embassy-to-uk.gouv.mc\/Actualites\/Le-gouvernement-britannique-publie-une-liste-d-exemption-aux-mesures-de-quarantaine-les-passagers-en-provenance-de-certains-pays-et-territoires-ne-seront-pas-tenus-de-s-isoler-en-Angleterre-a-leur-arrivee\" target=\"_blank\" rel=\"noopener\">le Royaume-Uni a indiqu\u00e9 qu\u2019il permettrait aux personnes enti\u00e8rement vaccin\u00e9es d\u2019\u00e9viter la quarantaine obligatoire applicable aux voyageurs.<\/a><\/p>\n<p>Les voyages d\u2019affaires ont mis plus de temps \u00e0 se r\u00e9tablir que les voyages d\u2019agr\u00e9ment; n\u00e9anmoins, avec le retour des travailleurs au bureau, les entreprises peuvent s\u2019attendre \u00e0 ce que les voyages suivent. C\u2019est ce qui ressort d\u2019une r\u00e9cente enqu\u00eate de la GBTA (Global Business Travel Association), selon laquelle <a href=\"https:\/\/www.gbta.org\/calendar\/all-programs\/eventid\/1168\/e\/la-reprise-du-voyage-daffaires-et-du-mice-on-y-croit-et-vous-18-may-2021\" target=\"_blank\" rel=\"noopener\">plus d\u2019un tiers des entreprises ont d\u00e9j\u00e0 repris les voyages et 77\u00a0% des employ\u00e9s sont dispos\u00e9s \u00e0 envisager des d\u00e9placements professionnels.<\/a><\/p>\n<p>Avec ces statistiques et les derniers chiffres de la TSA, force est de constater le retour massif aux voyages. Pour vous aider (vous et vos voyageurs), \u00e0 vous pr\u00e9parer \u00e0 reprendre la route dans cet environnement en mutation, <a href=\"\/fr-ca\/blog\/top-takeaways-from-the-new-traveller-journey?_ga=2.194507182.2072651421.1626303307-494156392.1626303307\" target=\"_blank\" rel=\"noopener\">nous vous recommandons de t\u00e9l\u00e9charger notre Guide La nouvelle fa\u00e7on de voyager.<\/a><\/p>\n","protected":false},"excerpt":{"rendered":"<p>Les derniers chiffres de la TSA (agence nationale am\u00e9ricaine charg\u00e9e de la s\u00e9curit\u00e9 des transports) r\u00e9v\u00e8lent une tendance \u00e0 la hausse du nombre de voyageurs qui reprennent la route. D\u00e9couvrez les statistiques actuelles comparativement \u00e0 celles des ann\u00e9es pr\u00e9c\u00e9dentes et ce que nous r\u00e9serve la reprise des voyages.<\/p>\n","protected":false},"author":7,"featured_media":25358,"comment_status":"closed","ping_status":"closed","sticky":false,"template":"","format":"standard","meta":{"footnotes":""},"categories":[96],"tags":[125,105],"class_list":["post-24783","post","type-post","status-publish","format-standard","has-post-thumbnail","hentry","category-voyages-affaires","tag-conseils-dinities","tag-tendances-sur-les-voyages-daffaires"],"_links":{"self":[{"href":"https:\/\/www.dt.com\/fr\/wp-json\/wp\/v2\/posts\/24783","targetHints":{"allow":["GET"]}}],"collection":[{"href":"https:\/\/www.dt.com\/fr\/wp-json\/wp\/v2\/posts"}],"about":[{"href":"https:\/\/www.dt.com\/fr\/wp-json\/wp\/v2\/types\/post"}],"author":[{"embeddable":true,"href":"https:\/\/www.dt.com\/fr\/wp-json\/wp\/v2\/users\/7"}],"replies":[{"embeddable":true,"href":"https:\/\/www.dt.com\/fr\/wp-json\/wp\/v2\/comments?post=24783"}],"version-history":[{"count":0,"href":"https:\/\/www.dt.com\/fr\/wp-json\/wp\/v2\/posts\/24783\/revisions"}],"wp:featuredmedia":[{"embeddable":true,"href":"https:\/\/www.dt.com\/fr\/wp-json\/wp\/v2\/media\/25358"}],"wp:attachment":[{"href":"https:\/\/www.dt.com\/fr\/wp-json\/wp\/v2\/media?parent=24783"}],"wp:term":[{"taxonomy":"category","embeddable":true,"href":"https:\/\/www.dt.com\/fr\/wp-json\/wp\/v2\/categories?post=24783"},{"taxonomy":"post_tag","embeddable":true,"href":"https:\/\/www.dt.com\/fr\/wp-json\/wp\/v2\/tags?post=24783"}],"curies":[{"name":"wp","href":"https:\/\/api.w.org\/{rel}","templated":true}]}}